{"id":5186,"date":"2025-09-05T06:32:58","date_gmt":"2025-09-05T06:32:58","guid":{"rendered":"https:\/\/africansecuritynetwork.org\/HSGO4\/?p=5186"},"modified":"2025-09-11T06:41:00","modified_gmt":"2025-09-11T06:41:00","slug":"actualites-du-5-septembre-2","status":"publish","type":"post","link":"https:\/\/africansecuritynetwork.org\/HSGO4\/index.php\/2025\/09\/05\/actualites-du-5-septembre-2\/","title":{"rendered":"Actualit\u00e9s du 5 Septembre"},"content":{"rendered":"\t\t<div data-elementor-type=\"wp-post\" data-elementor-id=\"5186\" class=\"elementor elementor-5186\" data-elementor-post-type=\"post\">\n\t\t\t\t<div class=\"elementor-element elementor-element-568ca9ea e-flex e-con-boxed e-con e-parent\" data-id=\"568ca9ea\" data-element_type=\"container\">\n\t\t\t\t\t<div class=\"e-con-inner\">\n\t\t\t\t<div class=\"elementor-element elementor-element-2e8d400f elementor-widget elementor-widget-text-editor\" data-id=\"2e8d400f\" data-element_type=\"widget\" data-widget_type=\"text-editor.default\">\n\t\t\t\t\t\t\t\t\t<h3>Trois morts dans des manifestations des Wazalendo contre la nomination du g\u00e9n\u00e9ral Gasita \u00e0 Uvira<\/h3><p><strong>5 septembre 2025 &#8211; Radio Okapi<\/strong><\/p><p>Trois civils sont d\u00e9c\u00e9d\u00e9s apr\u00e8s les manifestations contre la nomination du g\u00e9n\u00e9ral Gasita \u00e0 Uvira. Les protestations des combattants Wazalendo ont paralys\u00e9 les activit\u00e9s socio-\u00e9conomiques et bloqu\u00e9 l\u2019axe routier strat\u00e9gique reliant Uvira au Burundi.<\/p><p><a class=\"read-button\" href=\"https:\/\/www.radiookapi.net\/2025\/09\/05\/actualite\/securite\/trois-morts-dans-des-manifestations-des-wazalendo-contre-la-nomination\">Read more<\/a><\/p><hr \/><h3>Violences sexuelles en RDC : augmentation de 38% de cas en juillet<\/h3><p><strong>5 septembre 2025 &#8211; Actualit\u00e9 CD<\/strong><\/p><p>Le BCNUDH rapporte une hausse de 38% des violences sexuelles li\u00e9es au conflit en juillet, avec 34 cas recens\u00e9s. Le M23 figure parmi les principaux auteurs, aux c\u00f4t\u00e9s de certains \u00e9l\u00e9ments des FARDC et de la police.<\/p><p><a class=\"read-button\" href=\"https:\/\/actualite.cd\/2025\/09\/05\/violences-sexuelles-en-rdc-augmentation-de-38-de-cas-en-juillet-le-m23-en-tete-des\">Read more<\/a><\/p><hr \/><h3>RDC : depuis l&#8217;accord de paix avec le Rwanda, les \u00c9tats-Unis misent sur la coop\u00e9ration avec l&#8217;arm\u00e9e<\/h3><p><strong>30 juillet 2025 &#8211; RFI<\/strong><\/p><p>Apr\u00e8s la signature de l\u2019accord de paix entre la RDC et le Rwanda, Washington appelle \u00e0 sa mise en \u0153uvre rapide. Les \u00c9tats-Unis privil\u00e9gient la coop\u00e9ration militaire mais excluent tout d\u00e9ploiement de troupes au sol.<\/p><p><a class=\"read-button\" href=\"https:\/\/www.rfi.fr\/fr\/afrique\/20250730-rdc-depuis-l-accord-de-paix-avec-le-rwanda-les-\u00e9tats-unis-misent-sur-la-coop\u00e9ration-avec-l-arm\u00e9e\">Read more<\/a><\/p><hr \/><h3>En RDC, Joseph Kabila met F\u00e9lix Tshisekedi en garde<\/h3><p><strong>2 septembre 2025 &#8211; Jeune Afrique<\/strong><\/p><p>Joseph Kabila d\u00e9nonce des \u00ab accusations mensong\u00e8res \u00bb et accuse le pouvoir actuel d\u2019\u00e9checs. L\u2019ancien pr\u00e9sident r\u00e9agit pour la premi\u00e8re fois au r\u00e9quisitoire demandant la peine de mort contre lui.<\/p><p><a class=\"read-button\" href=\"https:\/\/www.jeuneafrique.com\/1718605\/politique\/en-rdc-joseph-kabila-met-felix-tshisekedi-en-garde-tot-ou-tard-la-supercherie-sera-evidente-pour-tous\/\">Read more<\/a><\/p><hr \/><h3>Martin Fayulu propose que le prochain mandat de la MONUSCO soit celui de r\u00e9tablissement de la paix<\/h3><p><strong>4 septembre 2025 &#8211; Radio Okapi<\/strong><\/p><p>L\u2019opposant Martin Fayulu sugg\u00e8re de transformer le mandat de la MONUSCO en mission de r\u00e9tablissement de la paix, plut\u00f4t qu\u2019un simple maintien, apr\u00e8s une rencontre avec Jean-Pierre Lacroix de l\u2019ONU.<\/p><p><a class=\"read-button\" href=\"https:\/\/www.radiookapi.net\/2025\/09\/04\/actualite\/politique\/martin-fayulu-propose-que-le-prochain-mandat-de-la-monusco-soit-celui\">Read more<\/a><\/p><hr \/><h3>RD Congo : l&#8217;ex-ministre Constant Mutamba condamn\u00e9 \u00e0 trois ans de travaux forc\u00e9s<\/h3><p><strong>2 septembre 2025 &#8211; France 24<\/strong><\/p><p>L\u2019ancien ministre de la Justice, Constant Mutamba, a \u00e9t\u00e9 condamn\u00e9 \u00e0 trois ans de travaux forc\u00e9s et cinq ans d\u2019in\u00e9ligibilit\u00e9 pour d\u00e9tournement de fonds publics destin\u00e9s \u00e0 la construction d\u2019une prison.<\/p><p><a class=\"read-button\" href=\"https:\/\/www.france24.com\/fr\/\u00e9missions\/journal-de-l-afrique\/20250902-rd-congo-l-ex-ministre-constant-mutamba-condamn\u00e9-\u00e0-trois-ans-de-travaux-forc\u00e9s\">Read more<\/a><\/p><hr \/>\t\t\t\t\t\t\t\t<\/div>\n\t\t\t\t\t<\/div>\n\t\t\t\t<\/div>\n\t\t\t\t<\/div>\n\t\t","protected":false},"excerpt":{"rendered":"<p>Trois morts dans des manifestations des Wazalendo contre la nomination du g\u00e9n\u00e9ral Gasita \u00e0 Uvira 5 septembre 2025 &#8211; Radio Okapi Trois civils sont d\u00e9c\u00e9d\u00e9s apr\u00e8s les manifestations contre la nomination du g\u00e9n\u00e9ral Gasita \u00e0 Uvira. Les protestations des combattants Wazalendo ont paralys\u00e9 les activit\u00e9s socio-\u00e9conomiques et bloqu\u00e9 l\u2019axe routier strat\u00e9gique reliant Uvira au Burundi. [&hellip;]<\/p>\n","protected":false},"author":1,"featured_media":5187,"comment_status":"open","ping_status":"open","sticky":false,"template":"","format":"standard","meta":{"footnotes":""},"categories":[31],"tags":[],"class_list":["post-5186","post","type-post","status-publish","format-standard","has-post-thumbnail","hentry","category-drc-news"],"aioseo_notices":[],"_links":{"self":[{"href":"https:\/\/africansecuritynetwork.org\/HSGO4\/index.php\/wp-json\/wp\/v2\/posts\/5186","targetHints":{"allow":["GET"]}}],"collection":[{"href":"https:\/\/africansecuritynetwork.org\/HSGO4\/index.php\/wp-json\/wp\/v2\/posts"}],"about":[{"href":"https:\/\/africansecuritynetwork.org\/HSGO4\/index.php\/wp-json\/wp\/v2\/types\/post"}],"author":[{"embeddable":true,"href":"https:\/\/africansecuritynetwork.org\/HSGO4\/index.php\/wp-json\/wp\/v2\/users\/1"}],"replies":[{"embeddable":true,"href":"https:\/\/africansecuritynetwork.org\/HSGO4\/index.php\/wp-json\/wp\/v2\/comments?post=5186"}],"version-history":[{"count":4,"href":"https:\/\/africansecuritynetwork.org\/HSGO4\/index.php\/wp-json\/wp\/v2\/posts\/5186\/revisions"}],"predecessor-version":[{"id":5191,"href":"https:\/\/africansecuritynetwork.org\/HSGO4\/index.php\/wp-json\/wp\/v2\/posts\/5186\/revisions\/5191"}],"wp:featuredmedia":[{"embeddable":true,"href":"https:\/\/africansecuritynetwork.org\/HSGO4\/index.php\/wp-json\/wp\/v2\/media\/5187"}],"wp:attachment":[{"href":"https:\/\/africansecuritynetwork.org\/HSGO4\/index.php\/wp-json\/wp\/v2\/media?parent=5186"}],"wp:term":[{"taxonomy":"category","embeddable":true,"href":"https:\/\/africansecuritynetwork.org\/HSGO4\/index.php\/wp-json\/wp\/v2\/categories?post=5186"},{"taxonomy":"post_tag","embeddable":true,"href":"https:\/\/africansecuritynetwork.org\/HSGO4\/index.php\/wp-json\/wp\/v2\/tags?post=5186"}],"curies":[{"name":"wp","href":"https:\/\/api.w.org\/{rel}","templated":true}]}}